{"id":1204,"date":"2025-07-08T22:32:37","date_gmt":"2025-07-09T01:32:37","guid":{"rendered":"https:\/\/ppgps.uenf.br\/?p=1204"},"modified":"2025-07-18T14:38:34","modified_gmt":"2025-07-18T17:38:34","slug":"lancamento-de-edital-para-selecao-de-alunos-especiais-do-programa-de-pos-graduacao-em-politicas-sociais","status":"publish","type":"post","link":"https:\/\/ppgps.uenf.br\/?p=1204","title":{"rendered":"Prorrogadas as incri\u00e7\u00f5es para sele\u00e7\u00e3o de alunos especiais do Programa de P\u00f3s-gradua\u00e7\u00e3o em Pol\u00edticas Sociais"},"content":{"rendered":"\n<p>As inscri\u00e7\u00f5es foram prorrogadas at\u00e9 quarta-feira (16). Quem ainda n\u00e3o conseguiu enviar o arquivo por e-mail ou fez a inscri\u00e7\u00e3o antes da prorroga\u00e7\u00e3o, favor enviar novamente, pois o arquivo do edital foi atualizado. Acesse o edital <strong><em><a href=\"https:\/\/ppgps.uenf.br\/wp-content\/uploads\/2025\/07\/InformacoesparaSelecaoalunosespeciais2025.2_ATUALIZADO2.pdf\" target=\"_blank\" rel=\"noreferrer noopener\">ATUALIZADO AQUI<\/a><\/em><\/strong>.<\/p>\n\n\n\n<p><strong>ATUALIZA\u00c7\u00c3O 18\/07\/2025<\/strong> &#8211; Resultado do processo seletivo para alunos especiais <strong><em><a href=\"https:\/\/ppgps.uenf.br\/wp-content\/uploads\/2025\/07\/Alunos-especiais-resultado.pdf\" target=\"_blank\" rel=\"noreferrer noopener\">ACESSE AQUI<\/a><\/em><\/strong><\/p>\n\n\n\n<p><\/p>\n","protected":false},"excerpt":{"rendered":"<p>As inscri\u00e7\u00f5es foram prorrogadas at\u00e9 quarta-feira (16). Quem ainda n\u00e3o conseguiu enviar o arquivo por e-mail ou fez a inscri\u00e7\u00e3o antes da prorroga\u00e7\u00e3o<\/p>\n","protected":false},"author":1,"featured_media":1205,"comment_status":"open","ping_status":"closed","sticky":false,"template":"","format":"standard","meta":{"footnotes":""},"categories":[47],"tags":[],"class_list":["post-1204","post","type-post","status-publish","format-standard","has-post-thumbnail","hentry","category-noticias"],"_links":{"self":[{"href":"https:\/\/ppgps.uenf.br\/index.php?rest_route=\/wp\/v2\/posts\/1204","targetHints":{"allow":["GET"]}}],"collection":[{"href":"https:\/\/ppgps.uenf.br\/index.php?rest_route=\/wp\/v2\/posts"}],"about":[{"href":"https:\/\/ppgps.uenf.br\/index.php?rest_route=\/wp\/v2\/types\/post"}],"author":[{"embeddable":true,"href":"https:\/\/ppgps.uenf.br\/index.php?rest_route=\/wp\/v2\/users\/1"}],"replies":[{"embeddable":true,"href":"https:\/\/ppgps.uenf.br\/index.php?rest_route=%2Fwp%2Fv2%2Fcomments&post=1204"}],"version-history":[{"count":6,"href":"https:\/\/ppgps.uenf.br\/index.php?rest_route=\/wp\/v2\/posts\/1204\/revisions"}],"predecessor-version":[{"id":1231,"href":"https:\/\/ppgps.uenf.br\/index.php?rest_route=\/wp\/v2\/posts\/1204\/revisions\/1231"}],"wp:featuredmedia":[{"embeddable":true,"href":"https:\/\/ppgps.uenf.br\/index.php?rest_route=\/wp\/v2\/media\/1205"}],"wp:attachment":[{"href":"https:\/\/ppgps.uenf.br\/index.php?rest_route=%2Fwp%2Fv2%2Fmedia&parent=1204"}],"wp:term":[{"taxonomy":"category","embeddable":true,"href":"https:\/\/ppgps.uenf.br\/index.php?rest_route=%2Fwp%2Fv2%2Fcategories&post=1204"},{"taxonomy":"post_tag","embeddable":true,"href":"https:\/\/ppgps.uenf.br\/index.php?rest_route=%2Fwp%2Fv2%2Ftags&post=1204"}],"curies":[{"name":"wp","href":"https:\/\/api.w.org\/{rel}","templated":true}]}}