{"id":1642,"date":"2025-10-31T20:20:10","date_gmt":"2025-10-31T23:20:10","guid":{"rendered":"https:\/\/ppgps.uenf.br\/?p=1642"},"modified":"2025-10-31T20:21:39","modified_gmt":"2025-10-31T23:21:39","slug":"vem-ai-a-xii-jornada-de-politicas-sociais-nos-dias-11-e-12-de-novembro","status":"publish","type":"post","link":"https:\/\/ppgps.uenf.br\/?p=1642","title":{"rendered":"Vem a\u00ed a XII Jornada de Pol\u00edticas Sociais nos dias 11 e 12 de novembro"},"content":{"rendered":"\n<p>Temos a honra de anunciar a realiza\u00e7\u00e3o da XII Jornada de Pol\u00edticas Sociais, que ocorrer\u00e1 nos dias 11 e 12 de novembro.<\/p>\n\n\n\n<p>Este evento \u00e9 um espa\u00e7o consolidado para a reflex\u00e3o cr\u00edtica e o debate sobre os desafios e avan\u00e7os das pol\u00edticas sociais no nosso contexto atual. <\/p>\n\n\n\n<p>Contamos com a sua presen\u00e7a para enriquecer as discuss\u00f5es!<br><br>Datas: <strong>11 e 12 de novembro<\/strong><br>Local: <strong>Multim\u00eddia &#8211; CCH<\/strong><\/p>\n\n\n\n<p>As inscri\u00e7\u00f5es poder\u00e3o ser feitas at\u00e9 dia <strong>07\/11<\/strong> e as regras e modelo est\u00e3o dispon\u00edveis na descri\u00e7\u00e3o do formul\u00e1rio. <strong><em>Link do formul\u00e1rio:<\/em><\/strong> <a href=\"http:\/\/forms.gle\/quyTzVb5Uf1oR1HG9\" target=\"_blank\" rel=\"noreferrer noopener\">forms.gle\/quyTzVb5Uf1oR1HG9<\/a><\/p>\n\n\n\n<p><strong>Para se inscrever no evento, acesse:<\/strong> <a href=\"https:\/\/www.even3.com.br\/xii-jornadaacademica- do-programa-de-posgraduacao-em-politicas-sociais-644568\/\" target=\"_blank\" rel=\"noreferrer noopener\">https:\/\/www.even3.com.br\/xii-jornadaacademica-<br>do-programa-de-posgraduacao-em-politicas-sociais-644568\/<\/a><\/p>\n\n\n\n<p><strong><em><a href=\"https:\/\/ppgps.uenf.br\/wp-content\/uploads\/2025\/10\/Jornadas-2025.pdf\" target=\"_blank\" rel=\"noreferrer noopener\">Confira aqui<\/a> <\/em><\/strong>a programa\u00e7\u00e3o completa.<\/p>\n\n\n\n<p><\/p>\n","protected":false},"excerpt":{"rendered":"<p>Temos a honra de anunciar a realiza\u00e7\u00e3o da XII Jornada de Pol\u00edticas Sociais, que ocorrer\u00e1 nos dias 11 e 12 de novembro. Este evento \u00e9 um espa\u00e7o consol<\/p>\n","protected":false},"author":1,"featured_media":1644,"comment_status":"open","ping_status":"closed","sticky":false,"template":"","format":"standard","meta":{"footnotes":""},"categories":[47],"tags":[],"class_list":["post-1642","post","type-post","status-publish","format-standard","has-post-thumbnail","hentry","category-noticias"],"_links":{"self":[{"href":"https:\/\/ppgps.uenf.br\/index.php?rest_route=\/wp\/v2\/posts\/1642","targetHints":{"allow":["GET"]}}],"collection":[{"href":"https:\/\/ppgps.uenf.br\/index.php?rest_route=\/wp\/v2\/posts"}],"about":[{"href":"https:\/\/ppgps.uenf.br\/index.php?rest_route=\/wp\/v2\/types\/post"}],"author":[{"embeddable":true,"href":"https:\/\/ppgps.uenf.br\/index.php?rest_route=\/wp\/v2\/users\/1"}],"replies":[{"embeddable":true,"href":"https:\/\/ppgps.uenf.br\/index.php?rest_route=%2Fwp%2Fv2%2Fcomments&post=1642"}],"version-history":[{"count":1,"href":"https:\/\/ppgps.uenf.br\/index.php?rest_route=\/wp\/v2\/posts\/1642\/revisions"}],"predecessor-version":[{"id":1645,"href":"https:\/\/ppgps.uenf.br\/index.php?rest_route=\/wp\/v2\/posts\/1642\/revisions\/1645"}],"wp:featuredmedia":[{"embeddable":true,"href":"https:\/\/ppgps.uenf.br\/index.php?rest_route=\/wp\/v2\/media\/1644"}],"wp:attachment":[{"href":"https:\/\/ppgps.uenf.br\/index.php?rest_route=%2Fwp%2Fv2%2Fmedia&parent=1642"}],"wp:term":[{"taxonomy":"category","embeddable":true,"href":"https:\/\/ppgps.uenf.br\/index.php?rest_route=%2Fwp%2Fv2%2Fcategories&post=1642"},{"taxonomy":"post_tag","embeddable":true,"href":"https:\/\/ppgps.uenf.br\/index.php?rest_route=%2Fwp%2Fv2%2Ftags&post=1642"}],"curies":[{"name":"wp","href":"https:\/\/api.w.org\/{rel}","templated":true}]}}