{"id":1747,"date":"2026-01-29T17:44:00","date_gmt":"2026-01-29T20:44:00","guid":{"rendered":"https:\/\/ppgps.uenf.br\/?p=1747"},"modified":"2026-02-05T10:34:27","modified_gmt":"2026-02-05T13:34:27","slug":"informacoes-sobre-inscricao-de-alunos-especiais1o-semestre-2026","status":"publish","type":"post","link":"https:\/\/ppgps.uenf.br\/?p=1747","title":{"rendered":"INFORMA\u00c7\u00d5ES SOBRE INSCRI\u00c7\u00c3O DE ALUNOS ESPECIAIS 1\u00ba SEMESTRE\/2026 (ERRATA DISPONIBILIZADA)"},"content":{"rendered":"\n<p>2- Disponibilizamos <strong><em><a href=\"https:\/\/ppgps.uenf.br\/wp-content\/uploads\/2026\/02\/Alunos-especiais-resultado-2026.1.pdf\" target=\"_blank\" rel=\"noreferrer noopener\">aqui<\/a><\/em><\/strong> a <strong><em>errata 1<\/em><\/strong> do resultado da sele\u00e7\u00e3o dos alunos especiais &#8211; <strong>EDITAL 2026\/1<\/strong> &#8211; <strong>(Publica\u00e7\u00e3o 05\/02)<\/strong><\/p>\n\n\n\n<p>1- Disponibilizamos <strong><em><a href=\"https:\/\/ppgps.uenf.br\/wp-content\/uploads\/2026\/01\/Alunos-especiais-resultado-2026.1.pdf\" target=\"_blank\" rel=\"noreferrer noopener\">aqui<\/a><\/em><\/strong> o resultado da sele\u00e7\u00e3o dos alunos especiais &#8211; <strong>EDITAL 2026\/1<\/strong> &#8211; <strong>(Publica\u00e7\u00e3o 29\/01)<\/strong><\/p>\n\n\n\n<p><strong>PER\u00cdODO DE INSCRI\u00c7\u00c3O:<\/strong> <em>14 a 22 de janeiro de 2026<\/em><\/p>\n\n\n\n<p>Para inscrever-se como aluno especial, o candidato dever\u00e1 preencher o formul\u00e1rio 0, escolhendo a disciplina que deseja cursar (o formul\u00e1rio est\u00e1 dispon\u00edvel em <strong>https:\/\/uenf.br\/posgraduacao\/politicas-sociais\/wp-content\/uploads\/sites\/11\/2023\/08\/Form-00-inscricao-de-aluno-especial-1.doc<\/strong> e enviar em ARQUIVO \u00daNICO o formul\u00e1rio 0 preenchido e assinado com os documentos abaixo listados para o <strong>e-mail: alunosespeciais2026.1@gmail.com<\/strong>, dentro do per\u00edodo de inscri\u00e7\u00e3o.<\/p>\n\n\n\n<p>\u2219 C\u00f3pia do Diploma da gradua\u00e7\u00e3o<br>\u2219 C\u00f3pia do Hist\u00f3rico da gradua\u00e7\u00e3o<br>\u2219 1 Foto 3&#215;4<br>\u2219 C\u00f3pia da identidade<br>\u2219 C\u00f3pia do CPF<br>\u2219 C\u00f3pia do Certificado de reservista<br>\u2219 C\u00f3pia do Registro civil (certid\u00e3o de nascimento ou de casamento)<br>\u2219 C\u00f3pia do T\u00edtulo de Eleitor<br>\u2219 Curr\u00edculo Lattes<\/p>\n\n\n\n<p>INFORMA\u00c7\u00d5ES COMPLETAS: <strong><em><a href=\"https:\/\/ppgps.uenf.br\/wp-content\/uploads\/2026\/01\/Informacoes-para-Selecao-alunos-especiais-2026.1.pdf\" target=\"_blank\" rel=\"noreferrer noopener\">AQUI<\/a><\/em><\/strong><\/p>\n\n\n\n<p><\/p>\n","protected":false},"excerpt":{"rendered":"<p>2- Disponibilizamos aqui a errata 1 do resultado da sele\u00e7\u00e3o dos alunos especiais &#8211; EDITAL 2026\/1 &#8211; (Publica\u00e7\u00e3o 05\/02) 1- Disponibilizamos a<\/p>\n","protected":false},"author":1,"featured_media":1749,"comment_status":"open","ping_status":"closed","sticky":false,"template":"","format":"standard","meta":{"footnotes":""},"categories":[47],"tags":[],"class_list":["post-1747","post","type-post","status-publish","format-standard","has-post-thumbnail","hentry","category-noticias"],"_links":{"self":[{"href":"https:\/\/ppgps.uenf.br\/index.php?rest_route=\/wp\/v2\/posts\/1747","targetHints":{"allow":["GET"]}}],"collection":[{"href":"https:\/\/ppgps.uenf.br\/index.php?rest_route=\/wp\/v2\/posts"}],"about":[{"href":"https:\/\/ppgps.uenf.br\/index.php?rest_route=\/wp\/v2\/types\/post"}],"author":[{"embeddable":true,"href":"https:\/\/ppgps.uenf.br\/index.php?rest_route=\/wp\/v2\/users\/1"}],"replies":[{"embeddable":true,"href":"https:\/\/ppgps.uenf.br\/index.php?rest_route=%2Fwp%2Fv2%2Fcomments&post=1747"}],"version-history":[{"count":6,"href":"https:\/\/ppgps.uenf.br\/index.php?rest_route=\/wp\/v2\/posts\/1747\/revisions"}],"predecessor-version":[{"id":1774,"href":"https:\/\/ppgps.uenf.br\/index.php?rest_route=\/wp\/v2\/posts\/1747\/revisions\/1774"}],"wp:featuredmedia":[{"embeddable":true,"href":"https:\/\/ppgps.uenf.br\/index.php?rest_route=\/wp\/v2\/media\/1749"}],"wp:attachment":[{"href":"https:\/\/ppgps.uenf.br\/index.php?rest_route=%2Fwp%2Fv2%2Fmedia&parent=1747"}],"wp:term":[{"taxonomy":"category","embeddable":true,"href":"https:\/\/ppgps.uenf.br\/index.php?rest_route=%2Fwp%2Fv2%2Fcategories&post=1747"},{"taxonomy":"post_tag","embeddable":true,"href":"https:\/\/ppgps.uenf.br\/index.php?rest_route=%2Fwp%2Fv2%2Ftags&post=1747"}],"curies":[{"name":"wp","href":"https:\/\/api.w.org\/{rel}","templated":true}]}}