{"id":451,"date":"2024-09-13T20:44:41","date_gmt":"2024-09-13T23:44:41","guid":{"rendered":"https:\/\/developerwordpress.com.br\/?p=451"},"modified":"2024-10-01T13:45:17","modified_gmt":"2024-10-01T16:45:17","slug":"associacao-brasileira-de-estudos-de-abelhas-lanca-colecao-produzida-por-grupo-da-uenf","status":"publish","type":"post","link":"https:\/\/ppgps.uenf.br\/?p=451","title":{"rendered":"Associa\u00e7\u00e3o Brasileira de Estudos de Abelhas lan\u00e7a cole\u00e7\u00e3o produzida por grupo da UENF"},"content":{"rendered":"\n<p>A Associa\u00e7\u00e3o Brasileira de Estudos das Abelhas (A.B.E.L.H.A.) est\u00e1 lan\u00e7ando a \u201cCole\u00e7\u00e3o de Atividades do Clube de Ci\u00eancias: Jardins de Polinizadores\u201d, produzida e organizada pelo Grupo de Pesquisa e Extens\u00e3o em Ecologia de Abelhas e Poliniza\u00e7\u00e3o,&nbsp;coordenado pela professora Maria Cristina Gaglianone, da Universidade Estadual do Norte Fluminense Darcy Ribeiro (UENF).<\/p>\n\n\n\n<p>Fruto da experi\u00eancia do projeto \u201cJardins de polinizadores: uma estrat\u00e9gia para aprendizagem e conserva\u00e7\u00e3o da biodiversidade\u201d, no Programa Ci\u00eancia na Escola do CNPq, e de um trabalho de conclus\u00e3o (TCC) no curso de Licenciatura em Biologia da UENF, a cole\u00e7\u00e3o \u00e9 formada por tr\u00eas volumes elaborados com o objetivo de dar suporte \u00e0s atividades de Clubes de Ci\u00eancias.<\/p>\n\n\n\n<p>\u2014 A cole\u00e7\u00e3o foi produzida durante a minha experi\u00eancia como monitora de um Clube de Ci\u00eancias na escola p\u00fablica intitulado Jardins de Polinizadores, cuja tem\u00e1tica principal era abelhas e poliniza\u00e7\u00e3o. Nesse contexto, identifiquei a necessidade dos clubistas de terem um material de introdu\u00e7\u00e3o ao mundo das abelhas, com a apresenta\u00e7\u00e3o da diversidade morfol\u00f3gica, do comportamento e de sua import\u00e2ncia ecol\u00f3gica. Com isso, e minha experi\u00eancia em atividades de divulga\u00e7\u00e3o cient\u00edfica como volunt\u00e1ria em projetos de extens\u00e3o universit\u00e1ria na UENF, nasceu o primeiro volume da cole\u00e7\u00e3o \u2014 explica Luiza Lopes, uma das autoras e respons\u00e1vel pela produ\u00e7\u00e3o do TCC que originou a cole\u00e7\u00e3o.<\/p>\n\n\n\n<p>A obra, que est\u00e1 dispon\u00edvel em formato digital, foi idealizada para clubistas e monitores de Clubes de Ci\u00eancias, sobretudo do ensino fundamental. Contudo, pode ser utilizada por todos os educadores que buscam informa\u00e7\u00f5es cient\u00edficas sobre os polinizadores ou sugest\u00f5es de atividades educativas em espa\u00e7os n\u00e3o formais de aprendizagem.<\/p>\n\n\n\n<p>\u2014 O objetivo principal da cole\u00e7\u00e3o \u00e9 instigar a curiosidade cient\u00edfica no ensino b\u00e1sico, trazendo os polinizadores \u00e0s situa\u00e7\u00f5es cotidianas e utilizando esses animais como instrumentos para uma educa\u00e7\u00e3o embasada em evid\u00eancias cient\u00edficas \u2014 afirma Maria Cristina Gaglianone, tamb\u00e9m autora da cole\u00e7\u00e3o.<\/p>\n\n\n\n<p>Gaglianone destaca ainda que a cole\u00e7\u00e3o representa uma contribui\u00e7\u00e3o na aplica\u00e7\u00e3o de conte\u00fados e conceitos ambientais, utilizando-se de ferramentas de metodologias ativas de aprendizagem.<\/p>\n\n\n\n<p>Ao longo dos tr\u00eas volumes, os leitores encontram conte\u00fado sobre o que \u00e9 a poliniza\u00e7\u00e3o e sua import\u00e2ncia, quem s\u00e3o os animais polinizadores, a diversidade das abelhas, atitudes amig\u00e1veis para prote\u00e7\u00e3o desses insetos, al\u00e9m de protocolos para realiza\u00e7\u00e3o de pr\u00e1ticas cient\u00edficas.<\/p>\n\n\n\n<p>\u2014 Esperamos que o material seja usado por professores e estudantes, assim como por outros educadores que tenham interesse em promover os polinizadores e a sua import\u00e2ncia para a natureza e agricultura nas pr\u00e1ticas de educa\u00e7\u00e3o ambiental \u2014 refor\u00e7a Ana Assad, diretora-executiva da A.B.E.L.H.A..<\/p>\n\n\n\n<p>A cole\u00e7\u00e3o \u00e9 gratuita e est\u00e1 dispon\u00edvel para download em&nbsp;<a href=\"https:\/\/abelha.org.br\/e-books\/\" target=\"_blank\" rel=\"noreferrer noopener\">https:\/\/abelha.org.br\/e-books\/<\/a>.<\/p>\n\n\n\n<p><strong>Um pouco mais sobre os autores<\/strong><\/p>\n\n\n\n<p>Luiza Ferreira de Souza Lopes \u00e9 graduada em Ci\u00eancias Biol\u00f3gicas-Licenciatura pela UENF (2023) e atualmente \u00e9 mestranda do Programa de P\u00f3s-gradua\u00e7\u00e3o em Ecologia e Recursos Naturais\/UENF. Atuou como monitora do Clube de Ci\u00eancias \u201cJardins de Polinizadores,\u201d sediado na Escola Municipal CIEP-481 Arnaldo Rosa Viana em Campos dos Goytacazes-RJ.<\/p>\n\n\n\n<p>A professora Maria Cristina Gaglianone \u00e9 graduada em Ci\u00eancias Biol\u00f3gicas pela Universidade de S\u00e3o Paulo, com mestrado (1993) e doutorado (1997) em Entomologia pela USP. \u00c9 professora Associada no Laborat\u00f3rio de Ci\u00eancias Ambientais da Universidade Estadual do Norte Fluminense Darcy Ribeiro desde 2002. Coordenou o projeto \u201cJardins de polinizadores: uma estrat\u00e9gia para aprendizagem e conserva\u00e7\u00e3o da biodiversidade\u201d do Programa Ci\u00eancia na Escola (PCE) (processo 440445\/2019-1), fomentado pelo Conselho Nacional de Desenvolvimento Cient\u00edfico e Tecnol\u00f3gico (CNPq). \u00c9 Pesquisadora PQ do CNPq e Cientista Nosso Estado da FAPERJ e atualmente coordenadora do Programa de P\u00f3s-gradua\u00e7\u00e3o em Ecologia e Recursos Naturais da UENF.<\/p>\n\n\n\n<p><em>(Fonte: Associa\u00e7\u00e3o Brasileira de Estudos das Abelhas)<\/em><\/p>\n","protected":false},"excerpt":{"rendered":"<p>A Associa\u00e7\u00e3o Brasileira de Estudos das Abelhas (A.B.E.L.H.A.) est\u00e1 lan\u00e7ando a \u201cCole\u00e7\u00e3o de Atividades do Clube de Ci\u00eancias: Jardins de Polinizadore<\/p>\n","protected":false},"author":1,"featured_media":452,"comment_status":"closed","ping_status":"closed","sticky":false,"template":"","format":"standard","meta":{"footnotes":""},"categories":[47],"tags":[],"class_list":["post-451","post","type-post","status-publish","format-standard","has-post-thumbnail","hentry","category-noticias"],"_links":{"self":[{"href":"https:\/\/ppgps.uenf.br\/index.php?rest_route=\/wp\/v2\/posts\/451","targetHints":{"allow":["GET"]}}],"collection":[{"href":"https:\/\/ppgps.uenf.br\/index.php?rest_route=\/wp\/v2\/posts"}],"about":[{"href":"https:\/\/ppgps.uenf.br\/index.php?rest_route=\/wp\/v2\/types\/post"}],"author":[{"embeddable":true,"href":"https:\/\/ppgps.uenf.br\/index.php?rest_route=\/wp\/v2\/users\/1"}],"replies":[{"embeddable":true,"href":"https:\/\/ppgps.uenf.br\/index.php?rest_route=%2Fwp%2Fv2%2Fcomments&post=451"}],"version-history":[{"count":1,"href":"https:\/\/ppgps.uenf.br\/index.php?rest_route=\/wp\/v2\/posts\/451\/revisions"}],"predecessor-version":[{"id":453,"href":"https:\/\/ppgps.uenf.br\/index.php?rest_route=\/wp\/v2\/posts\/451\/revisions\/453"}],"wp:featuredmedia":[{"embeddable":true,"href":"https:\/\/ppgps.uenf.br\/index.php?rest_route=\/wp\/v2\/media\/452"}],"wp:attachment":[{"href":"https:\/\/ppgps.uenf.br\/index.php?rest_route=%2Fwp%2Fv2%2Fmedia&parent=451"}],"wp:term":[{"taxonomy":"category","embeddable":true,"href":"https:\/\/ppgps.uenf.br\/index.php?rest_route=%2Fwp%2Fv2%2Fcategories&post=451"},{"taxonomy":"post_tag","embeddable":true,"href":"https:\/\/ppgps.uenf.br\/index.php?rest_route=%2Fwp%2Fv2%2Ftags&post=451"}],"curies":[{"name":"wp","href":"https:\/\/api.w.org\/{rel}","templated":true}]}}