{"id":454,"date":"2024-09-13T20:46:41","date_gmt":"2024-09-13T23:46:41","guid":{"rendered":"https:\/\/developerwordpress.com.br\/?p=454"},"modified":"2024-10-01T13:45:07","modified_gmt":"2024-10-01T16:45:07","slug":"observatorio-das-metropoles-nas-eleicoes-caderno-de-propostas-lancado-na-villa-maria","status":"publish","type":"post","link":"https:\/\/ppgps.uenf.br\/?p=454","title":{"rendered":"Observat\u00f3rio das Metr\u00f3poles nas Elei\u00e7\u00f5es: Caderno de Propostas lan\u00e7ado na Villa Maria"},"content":{"rendered":"\n<p><strong>Publica\u00e7\u00e3o traz artigos de opini\u00e3o sobre temas como Economia, Governan\u00e7a, Seguran\u00e7a, Transi\u00e7\u00e3o Clim\u00e1tica, Habita\u00e7\u00e3o, Mobilidade Urbana e Saneamento B\u00e1sico<\/strong><\/p>\n\n\n\n<p>O N\u00facleo Norte Fluminense do Instituto Nacional de Ci\u00eancia e Tecnologia (INCT) Observat\u00f3rio das Metr\u00f3poles lan\u00e7ou nesta ter\u00e7a-feira, 10\/09\/24, na Casa de Cultura Villa Maria, o Caderno de Propostas \u201cObservat\u00f3rio das Metr\u00f3poles nas Elei\u00e7\u00f5es: Um outro futuro \u00e9 poss\u00edvel\u201d. A publica\u00e7\u00e3o traz artigos de opini\u00e3o sobre temas como Economia, Governan\u00e7a, Seguran\u00e7a, Transi\u00e7\u00e3o Clim\u00e1tica, Habita\u00e7\u00e3o, Mobilidade Urbana e Saneamento B\u00e1sico, entre outros assuntos abordados por pesquisadores de universidades que integram o Observat\u00f3rio de Metr\u00f3poles.<\/p>\n\n\n\n<p><strong>N\u00facleo Norte Fluminense do Observat\u00f3rio das Metr\u00f3poles \u00e9 formado por pesquisadores da UENF, IFF, UFF, UCAM-Campos e UFRJ<\/strong><\/p>\n\n\n\n<p>A co-coordenadora do N\u00facleo Norte Fluminense do INCT Observat\u00f3rio das Metr\u00f3poles, pesquisadora da UENF, Wania Mesquita, destacou que as ideias do Caderno de Propostas s\u00e3o fruto de um esfor\u00e7o intenso de reflex\u00e3o e de comunica\u00e7\u00e3o com a sociedade empreendido nos primeiros meses de 2024.&nbsp;<\/p>\n\n\n\n<p>\u2014 Esse esfor\u00e7o foi feito por n\u00f3s, do N\u00facleo Norte Fluminense do INCT Observat\u00f3rio das Metr\u00f3poles, e por todos os 18 n\u00facleos da rede. De fevereiro a julho, foram publicados mais de 300 artigos propositivos em jornais, sites ou blogs de todo o pa\u00eds. Foi o projeto \u201cObservat\u00f3rio das Metr\u00f3poles nas Elei\u00e7\u00f5es: um outro futuro \u00e9 poss\u00edvel\u201d. Agora compilamos as principais propostas para o Norte Fluminense e apresentamos aos candidatos e candidatas da regi\u00e3o e ao debate p\u00fablico. Nosso n\u00facleo \u00e9 formado por pesquisadoras e pesquisadores da UENF, do IFF, da UFF, da UCAM-Campos e da UFRJ \u2014 informa Wania, que em sua apresenta\u00e7\u00e3o inicial no evento fez refer\u00eancia \u00e0 portaria sobre propaganda eleitoral no&nbsp;<em>campi<\/em>&nbsp;da UENF durante as elei\u00e7\u00f5es municipais de 2024.<\/p>\n\n\n\n<p><strong>\u201cObjetivo do Caderno de Propostas \u00e9 contribuir com o debate eleitoral pensando pol\u00edticas urbanas\u201d, afirma pesquisador<\/strong><\/p>\n\n\n\n<p>O co-coordenador do N\u00facleo Norte Fluminense do INCT Observat\u00f3rio das Metr\u00f3poles, pesquisador da UFRJ Humberto Meza, afirma que o objetivo do Caderno de Propostas \u00e9 contribuir com o debate eleitoral pensando pol\u00edticas urbanas.<\/p>\n\n\n\n<p>&nbsp;\u2014 Este caderno de propostas, com dados de pesquisas, \u00e9 um subs\u00eddio para o debate eleitoral nos munic\u00edpios. Para que possam acontecer mudan\u00e7as necess\u00e1rias. \u00c9 uma iniciativa de v\u00e1rias regi\u00f5es de articula\u00e7\u00e3o da academia com as m\u00eddias locais. E o Norte Fluminense est\u00e1 inserido nesta din\u00e2mica nacional \u2014 considera Humberto, que \u00e9 um dos organizadores do Caderno de Propostas em parceria com o pesquisador da UENF, Gustavo Smiderle, e a pesquisadora da UFF-Campos, \u00c9rica Tavares.&nbsp;<\/p>\n\n\n\n<p>Em Campos e regi\u00e3o, o Observat\u00f3rio das Metr\u00f3poles tem um&nbsp;<a href=\"https:\/\/www.folha1.com.br\/blogs\/observatorio-das-metropoles-nas-eleicoes\" target=\"_blank\" rel=\"noreferrer noopener\">blog<\/a>&nbsp;hospedado no site Folha 1. O Caderno de Propostas impresso ser\u00e1 distribu\u00eddo nas universidades que integram o N\u00facleo Norte Fluminense do<a href=\"https:\/\/www.observatoriodasmetropoles.net.br\/\" target=\"_blank\" rel=\"noreferrer noopener\">&nbsp;Observat\u00f3rio de Metr\u00f3poles<\/a>, que foi fundado em 2019. A publica\u00e7\u00e3o digital do Caderno de Propostas pode ser acessada&nbsp;<a href=\"https:\/\/www.observatoriodasmetropoles.net.br\/observatorio-das-metropoles-nas-eleicoes-um-outro-futuro-e-possivel-norte-fluminense\/\" target=\"_blank\" rel=\"noreferrer noopener\">aqui<\/a>.<\/p>\n\n\n\n<p><em>(Wesley Machado)<\/em><\/p>\n","protected":false},"excerpt":{"rendered":"<p>Publica\u00e7\u00e3o traz artigos de opini\u00e3o sobre temas como Economia, Governan\u00e7a, Seguran\u00e7a, Transi\u00e7\u00e3o Clim\u00e1tica, Habita\u00e7\u00e3o, Mobilidade Urbana e Saneamen<\/p>\n","protected":false},"author":1,"featured_media":455,"comment_status":"closed","ping_status":"closed","sticky":false,"template":"","format":"standard","meta":{"footnotes":""},"categories":[47],"tags":[],"class_list":["post-454","post","type-post","status-publish","format-standard","has-post-thumbnail","hentry","category-noticias"],"_links":{"self":[{"href":"https:\/\/ppgps.uenf.br\/index.php?rest_route=\/wp\/v2\/posts\/454","targetHints":{"allow":["GET"]}}],"collection":[{"href":"https:\/\/ppgps.uenf.br\/index.php?rest_route=\/wp\/v2\/posts"}],"about":[{"href":"https:\/\/ppgps.uenf.br\/index.php?rest_route=\/wp\/v2\/types\/post"}],"author":[{"embeddable":true,"href":"https:\/\/ppgps.uenf.br\/index.php?rest_route=\/wp\/v2\/users\/1"}],"replies":[{"embeddable":true,"href":"https:\/\/ppgps.uenf.br\/index.php?rest_route=%2Fwp%2Fv2%2Fcomments&post=454"}],"version-history":[{"count":1,"href":"https:\/\/ppgps.uenf.br\/index.php?rest_route=\/wp\/v2\/posts\/454\/revisions"}],"predecessor-version":[{"id":456,"href":"https:\/\/ppgps.uenf.br\/index.php?rest_route=\/wp\/v2\/posts\/454\/revisions\/456"}],"wp:featuredmedia":[{"embeddable":true,"href":"https:\/\/ppgps.uenf.br\/index.php?rest_route=\/wp\/v2\/media\/455"}],"wp:attachment":[{"href":"https:\/\/ppgps.uenf.br\/index.php?rest_route=%2Fwp%2Fv2%2Fmedia&parent=454"}],"wp:term":[{"taxonomy":"category","embeddable":true,"href":"https:\/\/ppgps.uenf.br\/index.php?rest_route=%2Fwp%2Fv2%2Fcategories&post=454"},{"taxonomy":"post_tag","embeddable":true,"href":"https:\/\/ppgps.uenf.br\/index.php?rest_route=%2Fwp%2Fv2%2Ftags&post=454"}],"curies":[{"name":"wp","href":"https:\/\/api.w.org\/{rel}","templated":true}]}}