{"id":457,"date":"2024-09-13T20:49:39","date_gmt":"2024-09-13T23:49:39","guid":{"rendered":"https:\/\/developerwordpress.com.br\/?p=457"},"modified":"2024-10-01T13:44:43","modified_gmt":"2024-10-01T16:44:43","slug":"uenf-lanca-cartilha-no-combate-ao-assedio","status":"publish","type":"post","link":"https:\/\/ppgps.uenf.br\/?p=457","title":{"rendered":"UENF lan\u00e7a cartilha no combate ao ass\u00e9dio"},"content":{"rendered":"\n<p>A UENF, por meio da Pr\u00f3-Reitoria de Assuntos Comunit\u00e1rios (PROAC), lan\u00e7ou nesta sexta-feira (6) uma \u201cCartilha de Combate ao Ass\u00e9dio Moral e Ass\u00e9dio Sexual\u201d. A iniciativa visa oferecer esclarecimentos ao p\u00fablico interno sobre ass\u00e9dio moral e ass\u00e9dio sexual no ambiente de trabalho.<\/p>\n\n\n\n<p>Trata-se de uma iniciativa para promover uma maior conscientiza\u00e7\u00e3o sobre esse tema, com o objetivo de prevenir e coibir pr\u00e1ticas relacionadas ao ass\u00e9dio moral e ao ass\u00e9dio sexual. Embora esses temas sejam amplamente discutidos, muitas pessoas ainda n\u00e3o compreendem plenamente o que configura ass\u00e9dio.<\/p>\n\n\n\n<p>A reitora da UENF, Rosana Rodrigues, afirma que, em uma universidade p\u00fablica com o perfil da UENF, situa\u00e7\u00f5es de ass\u00e9dio de qualquer natureza s\u00e3o intoler\u00e1veis.<\/p>\n\n\n\n<p>\u2014 Temos uma universidade. J\u00e1 realizamos outros encontros para discutir ass\u00e9dio, como rodas de conversa. \u00c9 um assunto que deve ser tratado com seriedade. \u00c9 papel da institui\u00e7\u00e3o tornar o ambiente universit\u00e1rio seguro e acolhedor. Temos um compromisso com a preven\u00e7\u00e3o e o combate ao ass\u00e9dio, bem como com a san\u00e7\u00e3o dos assediadores. Esta discuss\u00e3o que estamos promovendo \u00e9 a mais adequada para garantir o respeito. Den\u00fancias falsas prejudicam as pessoas que realmente sofrem ass\u00e9dio. A partir de uma den\u00fancia formal, temos a obriga\u00e7\u00e3o de agir de forma justa, adequada, segura e acolhedora. Temos n\u00e3o apenas uma obriga\u00e7\u00e3o legal, mas tamb\u00e9m moral, de acolher as den\u00fancias. Ass\u00e9dio \u00e9 crime e deve ser punido como tal. Diante de determinadas circunst\u00e2ncias, essas pessoas ter\u00e3o que responder por seus atos \u2014 afirmou Rosana.<\/p>\n\n\n\n<p>Ass\u00e9dio \u00e9 definido como um conjunto de comportamentos e pr\u00e1ticas inaceit\u00e1veis, que podem ocorrer uma \u00fanica vez ou repetidamente, e que visam causar, causam ou s\u00e3o suscet\u00edveis de causar danos f\u00edsicos, psicol\u00f3gicos, sexuais ou econ\u00f4micos, incluindo viol\u00eancia e ass\u00e9dio com base no g\u00eanero.<\/p>\n\n\n\n<p>O pr\u00f3-reitor de Assuntos Comunit\u00e1rios, Milton Masahiko Kanashiro, destaca que a expectativa \u00e9 que todas as pessoas que se sintam assediadas procurem o programa Abrace para fazer a den\u00fancia.<\/p>\n\n\n\n<p>\u2014 O programa Abrace UENF vai acolher den\u00fancias de ass\u00e9dio. O e-mail&nbsp;<a>abrace@uenf.br<\/a>&nbsp;ser\u00e1 o primeiro contato para agendar uma conversa com um psic\u00f3logo na PROAC, proporcionando um ambiente acolhedor e seguro para que a pessoa vitimada possa relatar sua experi\u00eancia com sigilo. A cada semestre, faremos uma estat\u00edstica dos casos para entender a gravidade do problema. N\u00e3o denunciar \u00e9 proteger o agressor, que se empodera. A pessoa assediada come\u00e7a a viver uma situa\u00e7\u00e3o depreciativa, uma condi\u00e7\u00e3o de infelicidade cr\u00f4nica que pode levar ao adoecimento e a respostas inadequadas. O ambiente da universidade deve ser acolhedor e saud\u00e1vel \u2014 afirmou o pr\u00f3-reitor.<\/p>\n\n\n\n<p>No \u00faltimo dia 22\/08, a UENF lan\u00e7ou o programa \u201cAbrace\u201d, para acolher den\u00fancias de ass\u00e9dio atrav\u00e9s do e-mail&nbsp;<a>abrace@uenf.br<\/a>.<\/p>\n\n\n\n<p><strong><a href=\"https:\/\/uenf.br\/portal\/wp-content\/uploads\/2024\/09\/Cartilha-Combate-ao-Asse%CC%81dio.pdf\">Cartilha Combate ao Ass\u00e9dio<\/a><\/strong><\/p>\n","protected":false},"excerpt":{"rendered":"<p>A UENF, por meio da Pr\u00f3-Reitoria de Assuntos Comunit\u00e1rios (PROAC), lan\u00e7ou nesta sexta-feira (6) uma \u201cCartilha de Combate ao Ass\u00e9dio Moral e Ass\u00e9dio <\/p>\n","protected":false},"author":1,"featured_media":458,"comment_status":"closed","ping_status":"open","sticky":false,"template":"","format":"standard","meta":{"footnotes":""},"categories":[47],"tags":[],"class_list":["post-457","post","type-post","status-publish","format-standard","has-post-thumbnail","hentry","category-noticias"],"_links":{"self":[{"href":"https:\/\/ppgps.uenf.br\/index.php?rest_route=\/wp\/v2\/posts\/457","targetHints":{"allow":["GET"]}}],"collection":[{"href":"https:\/\/ppgps.uenf.br\/index.php?rest_route=\/wp\/v2\/posts"}],"about":[{"href":"https:\/\/ppgps.uenf.br\/index.php?rest_route=\/wp\/v2\/types\/post"}],"author":[{"embeddable":true,"href":"https:\/\/ppgps.uenf.br\/index.php?rest_route=\/wp\/v2\/users\/1"}],"replies":[{"embeddable":true,"href":"https:\/\/ppgps.uenf.br\/index.php?rest_route=%2Fwp%2Fv2%2Fcomments&post=457"}],"version-history":[{"count":1,"href":"https:\/\/ppgps.uenf.br\/index.php?rest_route=\/wp\/v2\/posts\/457\/revisions"}],"predecessor-version":[{"id":459,"href":"https:\/\/ppgps.uenf.br\/index.php?rest_route=\/wp\/v2\/posts\/457\/revisions\/459"}],"wp:featuredmedia":[{"embeddable":true,"href":"https:\/\/ppgps.uenf.br\/index.php?rest_route=\/wp\/v2\/media\/458"}],"wp:attachment":[{"href":"https:\/\/ppgps.uenf.br\/index.php?rest_route=%2Fwp%2Fv2%2Fmedia&parent=457"}],"wp:term":[{"taxonomy":"category","embeddable":true,"href":"https:\/\/ppgps.uenf.br\/index.php?rest_route=%2Fwp%2Fv2%2Fcategories&post=457"},{"taxonomy":"post_tag","embeddable":true,"href":"https:\/\/ppgps.uenf.br\/index.php?rest_route=%2Fwp%2Fv2%2Ftags&post=457"}],"curies":[{"name":"wp","href":"https:\/\/api.w.org\/{rel}","templated":true}]}}