{"id":974,"date":"2024-09-27T12:39:25","date_gmt":"2024-09-27T15:39:25","guid":{"rendered":"https:\/\/developerwordpress.com.br\/?p=974"},"modified":"2025-10-15T16:09:32","modified_gmt":"2025-10-15T19:09:32","slug":"vem-ai-a-xi-jornada-de-politicas-sociais-nos-dias-8-e-9-de-outubro","status":"publish","type":"post","link":"https:\/\/ppgps.uenf.br\/?p=974","title":{"rendered":"Vem a\u00ed a XI Jornada de Pol\u00edticas Sociais nos dias 8 e 9 de outubro"},"content":{"rendered":"\n<p>Em meio aos efeitos dram\u00e1ticos das mudan\u00e7as clim\u00e1ticas e de uma seca hist\u00f3rica que afeta boa parte do territ\u00f3rio brasileiro vai ocorrer entre os dias 8 e 9 de Outubro a XI Jornada de Pol\u00edticas Sociais com o tema \u201c<em>Contribui\u00e7\u00f5es das Pol\u00edticas Sociais para o Desenvolvimento Humano e Socioecon\u00f4mico<\/em><strong>\u201c.<\/strong><\/p>\n\n\n\n<p>O evento come\u00e7ar\u00e1 no dia 8 a partir das 9:30 na Sala de Mult\u00edmidia do Centro de Ci\u00eancias do Homem, sendo a palestra de abertura intitulada \u201cDireitos para Humanos e N\u00e3o Humanos\u201d, que contar\u00e1 como palestrante o Professor Dr. Marcus de Matos \u2013 Brunel University London, e como mediadora a Professora Luciane Soares Silva, docente do Programa de Pol\u00edticas Sociais.<\/p>\n\n\n\n<p>As inscri\u00e7\u00f5es para participa\u00e7\u00e3o ser\u00e3o realizadas no in\u00edcio do evento, sendo a participa\u00e7\u00e3o gratuita.<\/p>\n\n\n\n<p>A programa\u00e7\u00e3o completa da XI Jornada de Pol\u00edticas Sociais pode ser acessada\u00a0[<strong><a href=\"http:\/\/uenf.br\/posgraduacao\/politicas-sociais\/wp-content\/uploads\/sites\/11\/2024\/09\/folder-uenf-2.pdf\" target=\"_blank\" rel=\"noreferrer noopener\">Aqui!<\/a><\/strong>].<\/p>\n\n\n\n<p><\/p>\n","protected":false},"excerpt":{"rendered":"<p>Em meio aos efeitos dram\u00e1ticos das mudan\u00e7as clim\u00e1ticas e de uma seca hist\u00f3rica que afeta boa parte do territ\u00f3rio brasileiro vai ocorrer entre os dias <\/p>\n","protected":false},"author":1,"featured_media":975,"comment_status":"closed","ping_status":"closed","sticky":false,"template":"","format":"standard","meta":{"footnotes":""},"categories":[47],"tags":[],"class_list":["post-974","post","type-post","status-publish","format-standard","has-post-thumbnail","hentry","category-noticias"],"_links":{"self":[{"href":"https:\/\/ppgps.uenf.br\/index.php?rest_route=\/wp\/v2\/posts\/974","targetHints":{"allow":["GET"]}}],"collection":[{"href":"https:\/\/ppgps.uenf.br\/index.php?rest_route=\/wp\/v2\/posts"}],"about":[{"href":"https:\/\/ppgps.uenf.br\/index.php?rest_route=\/wp\/v2\/types\/post"}],"author":[{"embeddable":true,"href":"https:\/\/ppgps.uenf.br\/index.php?rest_route=\/wp\/v2\/users\/1"}],"replies":[{"embeddable":true,"href":"https:\/\/ppgps.uenf.br\/index.php?rest_route=%2Fwp%2Fv2%2Fcomments&post=974"}],"version-history":[{"count":2,"href":"https:\/\/ppgps.uenf.br\/index.php?rest_route=\/wp\/v2\/posts\/974\/revisions"}],"predecessor-version":[{"id":978,"href":"https:\/\/ppgps.uenf.br\/index.php?rest_route=\/wp\/v2\/posts\/974\/revisions\/978"}],"wp:featuredmedia":[{"embeddable":true,"href":"https:\/\/ppgps.uenf.br\/index.php?rest_route=\/wp\/v2\/media\/975"}],"wp:attachment":[{"href":"https:\/\/ppgps.uenf.br\/index.php?rest_route=%2Fwp%2Fv2%2Fmedia&parent=974"}],"wp:term":[{"taxonomy":"category","embeddable":true,"href":"https:\/\/ppgps.uenf.br\/index.php?rest_route=%2Fwp%2Fv2%2Fcategories&post=974"},{"taxonomy":"post_tag","embeddable":true,"href":"https:\/\/ppgps.uenf.br\/index.php?rest_route=%2Fwp%2Fv2%2Ftags&post=974"}],"curies":[{"name":"wp","href":"https:\/\/api.w.org\/{rel}","templated":true}]}}